{"id":761,"date":"2015-03-20T13:12:38","date_gmt":"2015-03-20T12:12:38","guid":{"rendered":"https:\/\/roseta-mauri.c.wetopi.com\/?p=761"},"modified":"2015-03-20T13:12:38","modified_gmt":"2015-03-20T12:12:38","slug":"ganadores-y-premiados-vii-roseta-mauri-2015","status":"publish","type":"post","link":"https:\/\/rosetamauri.org\/es\/ganadores-y-premiados-vii-roseta-mauri-2015\/","title":{"rendered":"Ganadores y premiados VII Roseta Mauri 2015"},"content":{"rendered":"<p><a href=\"https:\/\/rosetamauri.org\/wp-content\/uploads\/2015\/03\/08404.jpg\"><img fetchpriority=\"high\" decoding=\"async\" class=\"alignnone size-full wp-image-758\" src=\"https:\/\/rosetamauri.org\/wp-content\/uploads\/2015\/03\/08404.jpg\" alt=\"08404\" width=\"1000\" height=\"582\" \/><\/a><\/p>\n<p>A lo largo de una semana el Teatro Fortuny se convirti\u00f3 una vez m\u00e1s en un trampol\u00edn para j\u00f3venes talentos. De 24 inscritos participaron 21 concursantes en la eliminatoria, en la que intentaron rendir al m\u00e1ximo con la ayuda de las clases magistrales de Arantxa Arg\u00fcelles y Jone San Mart\u00ed. El progreso de las actuaciones de los 12 semifinalistas y sobretodo de los 9 finalistas fue admirable. El jueves 12 de marzo, una vez terminada la final se dieron a conocer los ganadores y becados. El jurado de esta edici\u00f3n a sido presidido por Brigitte Lef\u00e8vre y formado por Henning Albrechtsen, Jone San Mart\u00edn y Giorgio Mancini.<\/p>\n<p>PRIMER PREMI0. 5000\u20ac. Generalitat de Catalunya. <strong>Ori\u00f3n Pic\u00f3<\/strong>, 18 a\u00f1os, Catalu\u00f1a. Escuela Artemis (Tarragona)<\/p>\n<p>SEGUNDO PREMIO. 2000\u20ac. Diputaic\u00f3 de Tarragona. <strong>Almendra Navarro<\/strong>, 19 a\u00f1os, M\u00e9jico. Conservatorio Profesional de Danza de Lyon (Francia).<\/p>\n<p>TERCER PREMI. 1000\u20ac. Ajuntament de Reus. <strong>Roc\u00edo Molina<\/strong>, 18 a\u00f1os, Murcia. Academia Jos\u00e9 Antonio Robles.<\/p>\n<p>PREMIO BECA DE ESTUDIOS ROYAL ACADEMY OF DANCE (DELEGACI\u00d3N DE ESPA\u00d1A). <strong>Mariona Puente<\/strong>, 15 a\u00f1os, Catalu\u00f1a. Centre de Dansa de Catalunya<\/p>\n<p>BECA DE ESTUDIOS DEL REAL BALLET DAN\u00c9S. <strong>Pablo Gonz\u00e1lez<\/strong>, 17 a\u00f1os, Murcia. Conservatorio Profesional de Danza de Murcia<\/p>\n<p>PREMIO DEL P\u00daBLICO DOTADO CON 600 EUROS. <strong>Ori\u00f3n Pic\u00f3<\/strong>, 18 a\u00f1os, Catalu\u00f1a. Escuela Artemis (Tarragona)<\/p>\n<p>Beca curso de verano ENDANZA Valencia 2015. <strong>Ori\u00f3n Pic\u00f3<\/strong>, 18 a\u00f1os, Catalu\u00f1a. Escuela Artemis (Tarragona)<\/p>\n<p>Beca VI Campus Internacional de Danza de Valencia. <strong>Almendra Navarro<\/strong>, 19 a\u00f1os, M\u00e9jico. Conservatorio de Li\u00f3n (Francia)<\/p>\n<p>Beca \u201cCorella Dance Academy\u201d en Barcelona. <strong>Mar\u00eda Aparicio<\/strong>, 17 a\u00f1os, Madrid. Conservatorio Profesional de Danza Carmen Amaya.<\/p>\n<p>&nbsp;<\/p>\n","protected":false},"excerpt":{"rendered":"<p>A lo largo de una semana el Teatro Fortuny se convirti\u00f3 una vez m\u00e1s en un trampol\u00edn para j\u00f3venes talentos. De 24 inscritos participaron 21 concursantes en la eliminatoria, en la que intentaron rendir al m\u00e1ximo con la ayuda de las clases magistrales de Arantxa Arg\u00fcelles y Jone San Mart\u00ed. El progreso de las actuaciones [&hellip;]<\/p>\n","protected":false},"author":1,"featured_media":0,"comment_status":"closed","ping_status":"closed","sticky":false,"template":"","format":"standard","meta":{"footnotes":""},"categories":[36],"tags":[],"class_list":["post-761","post","type-post","status-publish","format-standard","hentry","category-actualidad"],"yoast_head":"<!-- This site is optimized with the Yoast SEO plugin v27.2 - https:\/\/yoast.com\/product\/yoast-seo-wordpress\/ -->\n<title>Ganadores y premiados VII Roseta Mauri 2015 - Premi Internacional de Dansa Roseta Mauri<\/title>\n<meta name=\"robots\" content=\"index, follow, max-snippet:-1, max-image-preview:large, max-video-preview:-1\" \/>\n<link rel=\"canonical\" href=\"https:\/\/rosetamauri.org\/es\/ganadores-y-premiados-vii-roseta-mauri-2015\/\" \/>\n<meta property=\"og:locale\" content=\"es_ES\" \/>\n<meta property=\"og:type\" content=\"article\" \/>\n<meta property=\"og:title\" content=\"Ganadores y premiados VII Roseta Mauri 2015 - Premi Internacional de Dansa Roseta Mauri\" \/>\n<meta property=\"og:description\" content=\"A lo largo de una semana el Teatro Fortuny se convirti\u00f3 una vez m\u00e1s en un trampol\u00edn para j\u00f3venes talentos. De 24 inscritos participaron 21 concursantes en la eliminatoria, en la que intentaron rendir al m\u00e1ximo con la ayuda de las clases magistrales de Arantxa Arg\u00fcelles y Jone San Mart\u00ed. El progreso de las actuaciones [&hellip;]\" \/>\n<meta property=\"og:url\" content=\"https:\/\/rosetamauri.org\/es\/ganadores-y-premiados-vii-roseta-mauri-2015\/\" \/>\n<meta property=\"og:site_name\" content=\"Premi Internacional de Dansa Roseta Mauri\" \/>\n<meta property=\"article:published_time\" content=\"2015-03-20T12:12:38+00:00\" \/>\n<meta property=\"og:image\" content=\"https:\/\/rosetamauri.org\/wp-content\/uploads\/2015\/03\/08404.jpg\" \/>\n<meta name=\"author\" content=\"opissostudio\" \/>\n<meta name=\"twitter:card\" content=\"summary_large_image\" \/>\n<meta name=\"twitter:label1\" content=\"Escrito por\" \/>\n\t<meta name=\"twitter:data1\" content=\"opissostudio\" \/>\n\t<meta name=\"twitter:label2\" content=\"Tiempo de lectura\" \/>\n\t<meta name=\"twitter:data2\" content=\"1 minuto\" \/>\n<script type=\"application\/ld+json\" class=\"yoast-schema-graph\">{\"@context\":\"https:\/\/schema.org\",\"@graph\":[{\"@type\":\"Article\",\"@id\":\"https:\/\/rosetamauri.org\/es\/ganadores-y-premiados-vii-roseta-mauri-2015\/#article\",\"isPartOf\":{\"@id\":\"https:\/\/rosetamauri.org\/es\/ganadores-y-premiados-vii-roseta-mauri-2015\/\"},\"author\":{\"name\":\"opissostudio\",\"@id\":\"https:\/\/rosetamauri.org\/es\/#\/schema\/person\/e546bcb22db9cd34df2a84af0c38c377\"},\"headline\":\"Ganadores y premiados VII Roseta Mauri 2015\",\"datePublished\":\"2015-03-20T12:12:38+00:00\",\"mainEntityOfPage\":{\"@id\":\"https:\/\/rosetamauri.org\/es\/ganadores-y-premiados-vii-roseta-mauri-2015\/\"},\"wordCount\":279,\"image\":{\"@id\":\"https:\/\/rosetamauri.org\/es\/ganadores-y-premiados-vii-roseta-mauri-2015\/#primaryimage\"},\"thumbnailUrl\":\"https:\/\/rosetamauri.org\/wp-content\/uploads\/2015\/03\/08404.jpg\",\"articleSection\":[\"Actualidad\"],\"inLanguage\":\"es\"},{\"@type\":\"WebPage\",\"@id\":\"https:\/\/rosetamauri.org\/es\/ganadores-y-premiados-vii-roseta-mauri-2015\/\",\"url\":\"https:\/\/rosetamauri.org\/es\/ganadores-y-premiados-vii-roseta-mauri-2015\/\",\"name\":\"Ganadores y premiados VII Roseta Mauri 2015 - Premi Internacional de Dansa Roseta Mauri\",\"isPartOf\":{\"@id\":\"https:\/\/rosetamauri.org\/es\/#website\"},\"primaryImageOfPage\":{\"@id\":\"https:\/\/rosetamauri.org\/es\/ganadores-y-premiados-vii-roseta-mauri-2015\/#primaryimage\"},\"image\":{\"@id\":\"https:\/\/rosetamauri.org\/es\/ganadores-y-premiados-vii-roseta-mauri-2015\/#primaryimage\"},\"thumbnailUrl\":\"https:\/\/rosetamauri.org\/wp-content\/uploads\/2015\/03\/08404.jpg\",\"datePublished\":\"2015-03-20T12:12:38+00:00\",\"author\":{\"@id\":\"https:\/\/rosetamauri.org\/es\/#\/schema\/person\/e546bcb22db9cd34df2a84af0c38c377\"},\"breadcrumb\":{\"@id\":\"https:\/\/rosetamauri.org\/es\/ganadores-y-premiados-vii-roseta-mauri-2015\/#breadcrumb\"},\"inLanguage\":\"es\",\"potentialAction\":[{\"@type\":\"ReadAction\",\"target\":[\"https:\/\/rosetamauri.org\/es\/ganadores-y-premiados-vii-roseta-mauri-2015\/\"]}]},{\"@type\":\"ImageObject\",\"inLanguage\":\"es\",\"@id\":\"https:\/\/rosetamauri.org\/es\/ganadores-y-premiados-vii-roseta-mauri-2015\/#primaryimage\",\"url\":\"https:\/\/rosetamauri.org\/wp-content\/uploads\/2015\/03\/08404.jpg\",\"contentUrl\":\"https:\/\/rosetamauri.org\/wp-content\/uploads\/2015\/03\/08404.jpg\"},{\"@type\":\"BreadcrumbList\",\"@id\":\"https:\/\/rosetamauri.org\/es\/ganadores-y-premiados-vii-roseta-mauri-2015\/#breadcrumb\",\"itemListElement\":[{\"@type\":\"ListItem\",\"position\":1,\"name\":\"Inici\",\"item\":\"https:\/\/rosetamauri.org\/es\/\"},{\"@type\":\"ListItem\",\"position\":2,\"name\":\"Ganadores y premiados VII Roseta Mauri 2015\"}]},{\"@type\":\"WebSite\",\"@id\":\"https:\/\/rosetamauri.org\/es\/#website\",\"url\":\"https:\/\/rosetamauri.org\/es\/\",\"name\":\"Premi Internacional de Dansa Roseta Mauri\",\"description\":\"Impulsem el talent dels joves ballarins.\",\"potentialAction\":[{\"@type\":\"SearchAction\",\"target\":{\"@type\":\"EntryPoint\",\"urlTemplate\":\"https:\/\/rosetamauri.org\/es\/?s={search_term_string}\"},\"query-input\":{\"@type\":\"PropertyValueSpecification\",\"valueRequired\":true,\"valueName\":\"search_term_string\"}}],\"inLanguage\":\"es\"},{\"@type\":\"Person\",\"@id\":\"https:\/\/rosetamauri.org\/es\/#\/schema\/person\/e546bcb22db9cd34df2a84af0c38c377\",\"name\":\"opissostudio\",\"image\":{\"@type\":\"ImageObject\",\"inLanguage\":\"es\",\"@id\":\"https:\/\/secure.gravatar.com\/avatar\/dd7ebf1d01c1cf698f2375859b13dcdcc93988329702076d8bebe5ae69fff821?s=96&d=mm&r=g\",\"url\":\"https:\/\/secure.gravatar.com\/avatar\/dd7ebf1d01c1cf698f2375859b13dcdcc93988329702076d8bebe5ae69fff821?s=96&d=mm&r=g\",\"contentUrl\":\"https:\/\/secure.gravatar.com\/avatar\/dd7ebf1d01c1cf698f2375859b13dcdcc93988329702076d8bebe5ae69fff821?s=96&d=mm&r=g\",\"caption\":\"opissostudio\"},\"sameAs\":[\"https:\/\/roseta-mauri.c.wetopi.com\"]}]}<\/script>\n<!-- \/ Yoast SEO plugin. -->","yoast_head_json":{"title":"Ganadores y premiados VII Roseta Mauri 2015 - Premi Internacional de Dansa Roseta Mauri","robots":{"index":"index","follow":"follow","max-snippet":"max-snippet:-1","max-image-preview":"max-image-preview:large","max-video-preview":"max-video-preview:-1"},"canonical":"https:\/\/rosetamauri.org\/es\/ganadores-y-premiados-vii-roseta-mauri-2015\/","og_locale":"es_ES","og_type":"article","og_title":"Ganadores y premiados VII Roseta Mauri 2015 - Premi Internacional de Dansa Roseta Mauri","og_description":"A lo largo de una semana el Teatro Fortuny se convirti\u00f3 una vez m\u00e1s en un trampol\u00edn para j\u00f3venes talentos. De 24 inscritos participaron 21 concursantes en la eliminatoria, en la que intentaron rendir al m\u00e1ximo con la ayuda de las clases magistrales de Arantxa Arg\u00fcelles y Jone San Mart\u00ed. El progreso de las actuaciones [&hellip;]","og_url":"https:\/\/rosetamauri.org\/es\/ganadores-y-premiados-vii-roseta-mauri-2015\/","og_site_name":"Premi Internacional de Dansa Roseta Mauri","article_published_time":"2015-03-20T12:12:38+00:00","og_image":[{"url":"https:\/\/rosetamauri.org\/wp-content\/uploads\/2015\/03\/08404.jpg","type":"","width":"","height":""}],"author":"opissostudio","twitter_card":"summary_large_image","twitter_misc":{"Escrito por":"opissostudio","Tiempo de lectura":"1 minuto"},"schema":{"@context":"https:\/\/schema.org","@graph":[{"@type":"Article","@id":"https:\/\/rosetamauri.org\/es\/ganadores-y-premiados-vii-roseta-mauri-2015\/#article","isPartOf":{"@id":"https:\/\/rosetamauri.org\/es\/ganadores-y-premiados-vii-roseta-mauri-2015\/"},"author":{"name":"opissostudio","@id":"https:\/\/rosetamauri.org\/es\/#\/schema\/person\/e546bcb22db9cd34df2a84af0c38c377"},"headline":"Ganadores y premiados VII Roseta Mauri 2015","datePublished":"2015-03-20T12:12:38+00:00","mainEntityOfPage":{"@id":"https:\/\/rosetamauri.org\/es\/ganadores-y-premiados-vii-roseta-mauri-2015\/"},"wordCount":279,"image":{"@id":"https:\/\/rosetamauri.org\/es\/ganadores-y-premiados-vii-roseta-mauri-2015\/#primaryimage"},"thumbnailUrl":"https:\/\/rosetamauri.org\/wp-content\/uploads\/2015\/03\/08404.jpg","articleSection":["Actualidad"],"inLanguage":"es"},{"@type":"WebPage","@id":"https:\/\/rosetamauri.org\/es\/ganadores-y-premiados-vii-roseta-mauri-2015\/","url":"https:\/\/rosetamauri.org\/es\/ganadores-y-premiados-vii-roseta-mauri-2015\/","name":"Ganadores y premiados VII Roseta Mauri 2015 - Premi Internacional de Dansa Roseta Mauri","isPartOf":{"@id":"https:\/\/rosetamauri.org\/es\/#website"},"primaryImageOfPage":{"@id":"https:\/\/rosetamauri.org\/es\/ganadores-y-premiados-vii-roseta-mauri-2015\/#primaryimage"},"image":{"@id":"https:\/\/rosetamauri.org\/es\/ganadores-y-premiados-vii-roseta-mauri-2015\/#primaryimage"},"thumbnailUrl":"https:\/\/rosetamauri.org\/wp-content\/uploads\/2015\/03\/08404.jpg","datePublished":"2015-03-20T12:12:38+00:00","author":{"@id":"https:\/\/rosetamauri.org\/es\/#\/schema\/person\/e546bcb22db9cd34df2a84af0c38c377"},"breadcrumb":{"@id":"https:\/\/rosetamauri.org\/es\/ganadores-y-premiados-vii-roseta-mauri-2015\/#breadcrumb"},"inLanguage":"es","potentialAction":[{"@type":"ReadAction","target":["https:\/\/rosetamauri.org\/es\/ganadores-y-premiados-vii-roseta-mauri-2015\/"]}]},{"@type":"ImageObject","inLanguage":"es","@id":"https:\/\/rosetamauri.org\/es\/ganadores-y-premiados-vii-roseta-mauri-2015\/#primaryimage","url":"https:\/\/rosetamauri.org\/wp-content\/uploads\/2015\/03\/08404.jpg","contentUrl":"https:\/\/rosetamauri.org\/wp-content\/uploads\/2015\/03\/08404.jpg"},{"@type":"BreadcrumbList","@id":"https:\/\/rosetamauri.org\/es\/ganadores-y-premiados-vii-roseta-mauri-2015\/#breadcrumb","itemListElement":[{"@type":"ListItem","position":1,"name":"Inici","item":"https:\/\/rosetamauri.org\/es\/"},{"@type":"ListItem","position":2,"name":"Ganadores y premiados VII Roseta Mauri 2015"}]},{"@type":"WebSite","@id":"https:\/\/rosetamauri.org\/es\/#website","url":"https:\/\/rosetamauri.org\/es\/","name":"Premi Internacional de Dansa Roseta Mauri","description":"Impulsem el talent dels joves ballarins.","potentialAction":[{"@type":"SearchAction","target":{"@type":"EntryPoint","urlTemplate":"https:\/\/rosetamauri.org\/es\/?s={search_term_string}"},"query-input":{"@type":"PropertyValueSpecification","valueRequired":true,"valueName":"search_term_string"}}],"inLanguage":"es"},{"@type":"Person","@id":"https:\/\/rosetamauri.org\/es\/#\/schema\/person\/e546bcb22db9cd34df2a84af0c38c377","name":"opissostudio","image":{"@type":"ImageObject","inLanguage":"es","@id":"https:\/\/secure.gravatar.com\/avatar\/dd7ebf1d01c1cf698f2375859b13dcdcc93988329702076d8bebe5ae69fff821?s=96&d=mm&r=g","url":"https:\/\/secure.gravatar.com\/avatar\/dd7ebf1d01c1cf698f2375859b13dcdcc93988329702076d8bebe5ae69fff821?s=96&d=mm&r=g","contentUrl":"https:\/\/secure.gravatar.com\/avatar\/dd7ebf1d01c1cf698f2375859b13dcdcc93988329702076d8bebe5ae69fff821?s=96&d=mm&r=g","caption":"opissostudio"},"sameAs":["https:\/\/roseta-mauri.c.wetopi.com"]}]}},"_links":{"self":[{"href":"https:\/\/rosetamauri.org\/es\/wp-json\/wp\/v2\/posts\/761","targetHints":{"allow":["GET"]}}],"collection":[{"href":"https:\/\/rosetamauri.org\/es\/wp-json\/wp\/v2\/posts"}],"about":[{"href":"https:\/\/rosetamauri.org\/es\/wp-json\/wp\/v2\/types\/post"}],"author":[{"embeddable":true,"href":"https:\/\/rosetamauri.org\/es\/wp-json\/wp\/v2\/users\/1"}],"replies":[{"embeddable":true,"href":"https:\/\/rosetamauri.org\/es\/wp-json\/wp\/v2\/comments?post=761"}],"version-history":[{"count":0,"href":"https:\/\/rosetamauri.org\/es\/wp-json\/wp\/v2\/posts\/761\/revisions"}],"wp:attachment":[{"href":"https:\/\/rosetamauri.org\/es\/wp-json\/wp\/v2\/media?parent=761"}],"wp:term":[{"taxonomy":"category","embeddable":true,"href":"https:\/\/rosetamauri.org\/es\/wp-json\/wp\/v2\/categories?post=761"},{"taxonomy":"post_tag","embeddable":true,"href":"https:\/\/rosetamauri.org\/es\/wp-json\/wp\/v2\/tags?post=761"}],"curies":[{"name":"wp","href":"https:\/\/api.w.org\/{rel}","templated":true}]}}