{"id":1095,"date":"2017-01-18T19:28:06","date_gmt":"2017-01-18T18:28:06","guid":{"rendered":"https:\/\/roseta-mauri.c.wetopi.com\/?p=1095"},"modified":"2017-01-18T19:28:06","modified_gmt":"2017-01-18T18:28:06","slug":"la-bailarina-karine-seneca-formara-parte-del-jurado","status":"publish","type":"post","link":"https:\/\/rosetamauri.org\/es\/la-bailarina-karine-seneca-formara-parte-del-jurado\/","title":{"rendered":"La bailarina Karine Seneca formar\u00e1 parte del jurado"},"content":{"rendered":"<p>&nbsp;<\/p>\n<p><a href=\"https:\/\/rosetamauri.org\/wp-content\/uploads\/2017\/01\/1262010165_seneca_1796-2.jpg\"><img fetchpriority=\"high\" decoding=\"async\" class=\" size-full wp-image-1091 alignright\" src=\"https:\/\/rosetamauri.org\/wp-content\/uploads\/2017\/01\/1262010165_seneca_1796-2.jpg\" alt=\"1262010165_seneca_1796 2\" width=\"283\" height=\"425\" \/><\/a>Karine Seneca formar\u00e1 parte del jurado de esta edici\u00f3n que preside Jos\u00e9 Carlos Mart\u00ednez. Seneca ha trabajado en varias compa\u00f1\u00edas europeas. Ha sido <strong>bailarina principal<\/strong> del <strong>Ballet de Zurich<\/strong>, del <strong>Staatsoper de Hannover<\/strong>, y del<strong> Boston Ballet<\/strong>. Su repertorio es muy extenso, ha interpretado obras de core\u00f3grafos claves como George Balanchine o John Cranko y ha trabajado con core\u00f3grafos contempor\u00e1neos como\u00a0Hans van Manen, William Forsythe, Twyla Tharp o Christoper Wheeldon. Actualmente dirige su propia escuela en su ciudad natal, <strong>Cannes<\/strong>, y es invitada a impartir clases de danza cl\u00e1sica y repertorio en numerosos conservatorios. Tambi\u00e9n colabora con el Staatsoper como profesora y asistente de coreograf\u00eda.<\/p>\n<p>&nbsp;<\/p>\n<p>&nbsp;<\/p>\n<p>&nbsp;<\/p>\n","protected":false},"excerpt":{"rendered":"<p>&nbsp; Karine Seneca formar\u00e1 parte del jurado de esta edici\u00f3n que preside Jos\u00e9 Carlos Mart\u00ednez. Seneca ha trabajado en varias compa\u00f1\u00edas europeas. Ha sido bailarina principal del Ballet de Zurich, del Staatsoper de Hannover, y del Boston Ballet. Su repertorio es muy extenso, ha interpretado obras de core\u00f3grafos claves como George Balanchine o John Cranko [&hellip;]<\/p>\n","protected":false},"author":1,"featured_media":0,"comment_status":"closed","ping_status":"closed","sticky":false,"template":"","format":"standard","meta":{"footnotes":""},"categories":[36],"tags":[],"class_list":["post-1095","post","type-post","status-publish","format-standard","hentry","category-actualidad"],"yoast_head":"<!-- This site is optimized with the Yoast SEO plugin v27.2 - https:\/\/yoast.com\/product\/yoast-seo-wordpress\/ -->\n<title>La bailarina Karine Seneca formar\u00e1 parte del jurado - Premi Internacional de Dansa Roseta Mauri<\/title>\n<meta name=\"robots\" content=\"index, follow, max-snippet:-1, max-image-preview:large, max-video-preview:-1\" \/>\n<link rel=\"canonical\" href=\"https:\/\/rosetamauri.org\/es\/la-bailarina-karine-seneca-formara-parte-del-jurado\/\" \/>\n<meta property=\"og:locale\" content=\"es_ES\" \/>\n<meta property=\"og:type\" content=\"article\" \/>\n<meta property=\"og:title\" content=\"La bailarina Karine Seneca formar\u00e1 parte del jurado - Premi Internacional de Dansa Roseta Mauri\" \/>\n<meta property=\"og:description\" content=\"&nbsp; Karine Seneca formar\u00e1 parte del jurado de esta edici\u00f3n que preside Jos\u00e9 Carlos Mart\u00ednez. Seneca ha trabajado en varias compa\u00f1\u00edas europeas. Ha sido bailarina principal del Ballet de Zurich, del Staatsoper de Hannover, y del Boston Ballet. Su repertorio es muy extenso, ha interpretado obras de core\u00f3grafos claves como George Balanchine o John Cranko [&hellip;]\" \/>\n<meta property=\"og:url\" content=\"https:\/\/rosetamauri.org\/es\/la-bailarina-karine-seneca-formara-parte-del-jurado\/\" \/>\n<meta property=\"og:site_name\" content=\"Premi Internacional de Dansa Roseta Mauri\" \/>\n<meta property=\"article:published_time\" content=\"2017-01-18T18:28:06+00:00\" \/>\n<meta property=\"og:image\" content=\"https:\/\/rosetamauri.org\/wp-content\/uploads\/2017\/01\/1262010165_seneca_1796-2.jpg\" \/>\n<meta name=\"author\" content=\"opissostudio\" \/>\n<meta name=\"twitter:card\" content=\"summary_large_image\" \/>\n<meta name=\"twitter:label1\" content=\"Escrito por\" \/>\n\t<meta name=\"twitter:data1\" content=\"opissostudio\" \/>\n\t<meta name=\"twitter:label2\" content=\"Tiempo de lectura\" \/>\n\t<meta name=\"twitter:data2\" content=\"1 minuto\" \/>\n<script type=\"application\/ld+json\" class=\"yoast-schema-graph\">{\"@context\":\"https:\/\/schema.org\",\"@graph\":[{\"@type\":\"Article\",\"@id\":\"https:\/\/rosetamauri.org\/es\/la-bailarina-karine-seneca-formara-parte-del-jurado\/#article\",\"isPartOf\":{\"@id\":\"https:\/\/rosetamauri.org\/es\/la-bailarina-karine-seneca-formara-parte-del-jurado\/\"},\"author\":{\"name\":\"opissostudio\",\"@id\":\"https:\/\/rosetamauri.org\/es\/#\/schema\/person\/e546bcb22db9cd34df2a84af0c38c377\"},\"headline\":\"La bailarina Karine Seneca formar\u00e1 parte del jurado\",\"datePublished\":\"2017-01-18T18:28:06+00:00\",\"mainEntityOfPage\":{\"@id\":\"https:\/\/rosetamauri.org\/es\/la-bailarina-karine-seneca-formara-parte-del-jurado\/\"},\"wordCount\":127,\"image\":{\"@id\":\"https:\/\/rosetamauri.org\/es\/la-bailarina-karine-seneca-formara-parte-del-jurado\/#primaryimage\"},\"thumbnailUrl\":\"https:\/\/rosetamauri.org\/wp-content\/uploads\/2017\/01\/1262010165_seneca_1796-2.jpg\",\"articleSection\":[\"Actualidad\"],\"inLanguage\":\"es\"},{\"@type\":\"WebPage\",\"@id\":\"https:\/\/rosetamauri.org\/es\/la-bailarina-karine-seneca-formara-parte-del-jurado\/\",\"url\":\"https:\/\/rosetamauri.org\/es\/la-bailarina-karine-seneca-formara-parte-del-jurado\/\",\"name\":\"La bailarina Karine Seneca formar\u00e1 parte del jurado - Premi Internacional de Dansa Roseta Mauri\",\"isPartOf\":{\"@id\":\"https:\/\/rosetamauri.org\/es\/#website\"},\"primaryImageOfPage\":{\"@id\":\"https:\/\/rosetamauri.org\/es\/la-bailarina-karine-seneca-formara-parte-del-jurado\/#primaryimage\"},\"image\":{\"@id\":\"https:\/\/rosetamauri.org\/es\/la-bailarina-karine-seneca-formara-parte-del-jurado\/#primaryimage\"},\"thumbnailUrl\":\"https:\/\/rosetamauri.org\/wp-content\/uploads\/2017\/01\/1262010165_seneca_1796-2.jpg\",\"datePublished\":\"2017-01-18T18:28:06+00:00\",\"author\":{\"@id\":\"https:\/\/rosetamauri.org\/es\/#\/schema\/person\/e546bcb22db9cd34df2a84af0c38c377\"},\"breadcrumb\":{\"@id\":\"https:\/\/rosetamauri.org\/es\/la-bailarina-karine-seneca-formara-parte-del-jurado\/#breadcrumb\"},\"inLanguage\":\"es\",\"potentialAction\":[{\"@type\":\"ReadAction\",\"target\":[\"https:\/\/rosetamauri.org\/es\/la-bailarina-karine-seneca-formara-parte-del-jurado\/\"]}]},{\"@type\":\"ImageObject\",\"inLanguage\":\"es\",\"@id\":\"https:\/\/rosetamauri.org\/es\/la-bailarina-karine-seneca-formara-parte-del-jurado\/#primaryimage\",\"url\":\"https:\/\/rosetamauri.org\/wp-content\/uploads\/2017\/01\/1262010165_seneca_1796-2.jpg\",\"contentUrl\":\"https:\/\/rosetamauri.org\/wp-content\/uploads\/2017\/01\/1262010165_seneca_1796-2.jpg\"},{\"@type\":\"BreadcrumbList\",\"@id\":\"https:\/\/rosetamauri.org\/es\/la-bailarina-karine-seneca-formara-parte-del-jurado\/#breadcrumb\",\"itemListElement\":[{\"@type\":\"ListItem\",\"position\":1,\"name\":\"Inici\",\"item\":\"https:\/\/rosetamauri.org\/es\/\"},{\"@type\":\"ListItem\",\"position\":2,\"name\":\"La bailarina Karine Seneca formar\u00e1 parte del jurado\"}]},{\"@type\":\"WebSite\",\"@id\":\"https:\/\/rosetamauri.org\/es\/#website\",\"url\":\"https:\/\/rosetamauri.org\/es\/\",\"name\":\"Premi Internacional de Dansa Roseta Mauri\",\"description\":\"Impulsem el talent dels joves ballarins.\",\"potentialAction\":[{\"@type\":\"SearchAction\",\"target\":{\"@type\":\"EntryPoint\",\"urlTemplate\":\"https:\/\/rosetamauri.org\/es\/?s={search_term_string}\"},\"query-input\":{\"@type\":\"PropertyValueSpecification\",\"valueRequired\":true,\"valueName\":\"search_term_string\"}}],\"inLanguage\":\"es\"},{\"@type\":\"Person\",\"@id\":\"https:\/\/rosetamauri.org\/es\/#\/schema\/person\/e546bcb22db9cd34df2a84af0c38c377\",\"name\":\"opissostudio\",\"image\":{\"@type\":\"ImageObject\",\"inLanguage\":\"es\",\"@id\":\"https:\/\/secure.gravatar.com\/avatar\/dd7ebf1d01c1cf698f2375859b13dcdcc93988329702076d8bebe5ae69fff821?s=96&d=mm&r=g\",\"url\":\"https:\/\/secure.gravatar.com\/avatar\/dd7ebf1d01c1cf698f2375859b13dcdcc93988329702076d8bebe5ae69fff821?s=96&d=mm&r=g\",\"contentUrl\":\"https:\/\/secure.gravatar.com\/avatar\/dd7ebf1d01c1cf698f2375859b13dcdcc93988329702076d8bebe5ae69fff821?s=96&d=mm&r=g\",\"caption\":\"opissostudio\"},\"sameAs\":[\"https:\/\/roseta-mauri.c.wetopi.com\"]}]}<\/script>\n<!-- \/ Yoast SEO plugin. -->","yoast_head_json":{"title":"La bailarina Karine Seneca formar\u00e1 parte del jurado - Premi Internacional de Dansa Roseta Mauri","robots":{"index":"index","follow":"follow","max-snippet":"max-snippet:-1","max-image-preview":"max-image-preview:large","max-video-preview":"max-video-preview:-1"},"canonical":"https:\/\/rosetamauri.org\/es\/la-bailarina-karine-seneca-formara-parte-del-jurado\/","og_locale":"es_ES","og_type":"article","og_title":"La bailarina Karine Seneca formar\u00e1 parte del jurado - Premi Internacional de Dansa Roseta Mauri","og_description":"&nbsp; Karine Seneca formar\u00e1 parte del jurado de esta edici\u00f3n que preside Jos\u00e9 Carlos Mart\u00ednez. Seneca ha trabajado en varias compa\u00f1\u00edas europeas. Ha sido bailarina principal del Ballet de Zurich, del Staatsoper de Hannover, y del Boston Ballet. Su repertorio es muy extenso, ha interpretado obras de core\u00f3grafos claves como George Balanchine o John Cranko [&hellip;]","og_url":"https:\/\/rosetamauri.org\/es\/la-bailarina-karine-seneca-formara-parte-del-jurado\/","og_site_name":"Premi Internacional de Dansa Roseta Mauri","article_published_time":"2017-01-18T18:28:06+00:00","og_image":[{"url":"https:\/\/rosetamauri.org\/wp-content\/uploads\/2017\/01\/1262010165_seneca_1796-2.jpg","type":"","width":"","height":""}],"author":"opissostudio","twitter_card":"summary_large_image","twitter_misc":{"Escrito por":"opissostudio","Tiempo de lectura":"1 minuto"},"schema":{"@context":"https:\/\/schema.org","@graph":[{"@type":"Article","@id":"https:\/\/rosetamauri.org\/es\/la-bailarina-karine-seneca-formara-parte-del-jurado\/#article","isPartOf":{"@id":"https:\/\/rosetamauri.org\/es\/la-bailarina-karine-seneca-formara-parte-del-jurado\/"},"author":{"name":"opissostudio","@id":"https:\/\/rosetamauri.org\/es\/#\/schema\/person\/e546bcb22db9cd34df2a84af0c38c377"},"headline":"La bailarina Karine Seneca formar\u00e1 parte del jurado","datePublished":"2017-01-18T18:28:06+00:00","mainEntityOfPage":{"@id":"https:\/\/rosetamauri.org\/es\/la-bailarina-karine-seneca-formara-parte-del-jurado\/"},"wordCount":127,"image":{"@id":"https:\/\/rosetamauri.org\/es\/la-bailarina-karine-seneca-formara-parte-del-jurado\/#primaryimage"},"thumbnailUrl":"https:\/\/rosetamauri.org\/wp-content\/uploads\/2017\/01\/1262010165_seneca_1796-2.jpg","articleSection":["Actualidad"],"inLanguage":"es"},{"@type":"WebPage","@id":"https:\/\/rosetamauri.org\/es\/la-bailarina-karine-seneca-formara-parte-del-jurado\/","url":"https:\/\/rosetamauri.org\/es\/la-bailarina-karine-seneca-formara-parte-del-jurado\/","name":"La bailarina Karine Seneca formar\u00e1 parte del jurado - Premi Internacional de Dansa Roseta Mauri","isPartOf":{"@id":"https:\/\/rosetamauri.org\/es\/#website"},"primaryImageOfPage":{"@id":"https:\/\/rosetamauri.org\/es\/la-bailarina-karine-seneca-formara-parte-del-jurado\/#primaryimage"},"image":{"@id":"https:\/\/rosetamauri.org\/es\/la-bailarina-karine-seneca-formara-parte-del-jurado\/#primaryimage"},"thumbnailUrl":"https:\/\/rosetamauri.org\/wp-content\/uploads\/2017\/01\/1262010165_seneca_1796-2.jpg","datePublished":"2017-01-18T18:28:06+00:00","author":{"@id":"https:\/\/rosetamauri.org\/es\/#\/schema\/person\/e546bcb22db9cd34df2a84af0c38c377"},"breadcrumb":{"@id":"https:\/\/rosetamauri.org\/es\/la-bailarina-karine-seneca-formara-parte-del-jurado\/#breadcrumb"},"inLanguage":"es","potentialAction":[{"@type":"ReadAction","target":["https:\/\/rosetamauri.org\/es\/la-bailarina-karine-seneca-formara-parte-del-jurado\/"]}]},{"@type":"ImageObject","inLanguage":"es","@id":"https:\/\/rosetamauri.org\/es\/la-bailarina-karine-seneca-formara-parte-del-jurado\/#primaryimage","url":"https:\/\/rosetamauri.org\/wp-content\/uploads\/2017\/01\/1262010165_seneca_1796-2.jpg","contentUrl":"https:\/\/rosetamauri.org\/wp-content\/uploads\/2017\/01\/1262010165_seneca_1796-2.jpg"},{"@type":"BreadcrumbList","@id":"https:\/\/rosetamauri.org\/es\/la-bailarina-karine-seneca-formara-parte-del-jurado\/#breadcrumb","itemListElement":[{"@type":"ListItem","position":1,"name":"Inici","item":"https:\/\/rosetamauri.org\/es\/"},{"@type":"ListItem","position":2,"name":"La bailarina Karine Seneca formar\u00e1 parte del jurado"}]},{"@type":"WebSite","@id":"https:\/\/rosetamauri.org\/es\/#website","url":"https:\/\/rosetamauri.org\/es\/","name":"Premi Internacional de Dansa Roseta Mauri","description":"Impulsem el talent dels joves ballarins.","potentialAction":[{"@type":"SearchAction","target":{"@type":"EntryPoint","urlTemplate":"https:\/\/rosetamauri.org\/es\/?s={search_term_string}"},"query-input":{"@type":"PropertyValueSpecification","valueRequired":true,"valueName":"search_term_string"}}],"inLanguage":"es"},{"@type":"Person","@id":"https:\/\/rosetamauri.org\/es\/#\/schema\/person\/e546bcb22db9cd34df2a84af0c38c377","name":"opissostudio","image":{"@type":"ImageObject","inLanguage":"es","@id":"https:\/\/secure.gravatar.com\/avatar\/dd7ebf1d01c1cf698f2375859b13dcdcc93988329702076d8bebe5ae69fff821?s=96&d=mm&r=g","url":"https:\/\/secure.gravatar.com\/avatar\/dd7ebf1d01c1cf698f2375859b13dcdcc93988329702076d8bebe5ae69fff821?s=96&d=mm&r=g","contentUrl":"https:\/\/secure.gravatar.com\/avatar\/dd7ebf1d01c1cf698f2375859b13dcdcc93988329702076d8bebe5ae69fff821?s=96&d=mm&r=g","caption":"opissostudio"},"sameAs":["https:\/\/roseta-mauri.c.wetopi.com"]}]}},"_links":{"self":[{"href":"https:\/\/rosetamauri.org\/es\/wp-json\/wp\/v2\/posts\/1095","targetHints":{"allow":["GET"]}}],"collection":[{"href":"https:\/\/rosetamauri.org\/es\/wp-json\/wp\/v2\/posts"}],"about":[{"href":"https:\/\/rosetamauri.org\/es\/wp-json\/wp\/v2\/types\/post"}],"author":[{"embeddable":true,"href":"https:\/\/rosetamauri.org\/es\/wp-json\/wp\/v2\/users\/1"}],"replies":[{"embeddable":true,"href":"https:\/\/rosetamauri.org\/es\/wp-json\/wp\/v2\/comments?post=1095"}],"version-history":[{"count":0,"href":"https:\/\/rosetamauri.org\/es\/wp-json\/wp\/v2\/posts\/1095\/revisions"}],"wp:attachment":[{"href":"https:\/\/rosetamauri.org\/es\/wp-json\/wp\/v2\/media?parent=1095"}],"wp:term":[{"taxonomy":"category","embeddable":true,"href":"https:\/\/rosetamauri.org\/es\/wp-json\/wp\/v2\/categories?post=1095"},{"taxonomy":"post_tag","embeddable":true,"href":"https:\/\/rosetamauri.org\/es\/wp-json\/wp\/v2\/tags?post=1095"}],"curies":[{"name":"wp","href":"https:\/\/api.w.org\/{rel}","templated":true}]}}